{"id":109,"date":"2020-01-02T17:21:39","date_gmt":"2020-01-02T16:21:39","guid":{"rendered":"http:\/\/muenchen-massgeschneidert.de\/?p=109"},"modified":"2021-01-17T02:49:24","modified_gmt":"2021-01-17T01:49:24","slug":"juedisches-leben-frueher-und-heute","status":"publish","type":"post","link":"https:\/\/muenchen-massgeschneidert.de\/en\/2020\/01\/02\/juedisches-leben-frueher-und-heute\/","title":{"rendered":"Jewish life in the past and present"},"content":{"rendered":"<p><img loading=\"lazy\" decoding=\"async\" class=\"alignnone size-large wp-image-119\" src=\"https:\/\/muenchen-massgeschneidert.de\/wp-content\/uploads\/2020\/01\/stephan_21-1024x682.jpg\" alt=\"J\u00fcdisches Museum M\u00fcnchen\" width=\"1024\" height=\"682\" srcset=\"https:\/\/muenchen-massgeschneidert.de\/wp-content\/uploads\/2020\/01\/stephan_21-1024x682.jpg 1024w, https:\/\/muenchen-massgeschneidert.de\/wp-content\/uploads\/2020\/01\/stephan_21-300x200.jpg 300w, https:\/\/muenchen-massgeschneidert.de\/wp-content\/uploads\/2020\/01\/stephan_21-768x511.jpg 768w, https:\/\/muenchen-massgeschneidert.de\/wp-content\/uploads\/2020\/01\/stephan_21-1536x1022.jpg 1536w, https:\/\/muenchen-massgeschneidert.de\/wp-content\/uploads\/2020\/01\/stephan_21-370x246.jpg 370w, https:\/\/muenchen-massgeschneidert.de\/wp-content\/uploads\/2020\/01\/stephan_21-270x180.jpg 270w, https:\/\/muenchen-massgeschneidert.de\/wp-content\/uploads\/2020\/01\/stephan_21-570x379.jpg 570w, https:\/\/muenchen-massgeschneidert.de\/wp-content\/uploads\/2020\/01\/stephan_21-770x513.jpg 770w, https:\/\/muenchen-massgeschneidert.de\/wp-content\/uploads\/2020\/01\/stephan_21-1170x779.jpg 1170w, https:\/\/muenchen-massgeschneidert.de\/wp-content\/uploads\/2020\/01\/stephan_21-871x580.jpg 871w, https:\/\/muenchen-massgeschneidert.de\/wp-content\/uploads\/2020\/01\/stephan_21.jpg 1600w\" sizes=\"auto, (max-width: 1024px) 100vw, 1024px\" \/><em>The new Jewish center on Sebastiansplatz<\/em><\/p>\n<p>&nbsp;<\/p>\n<p>Already hundred years after the foundation of the\u00a0city in 1158 a considerable number of Jews had settled\u00a0behind the city hall. This has been proved by recent\u00a0archaeological findings.\u00a0Nowadays this area, the former Marienhof is the biggest\u00a0construction site in town which lasts probably till 2028.\u00a0A second tunnel will be built up to 40 meters deep\u00a0into the ground leading from the west to the east of the city.\u00a0The Jews in the middle ages held an important role: they were the big money-lenders, even for the dukes. Although in<span class=\"Apple-converted-space\">\u00a0<\/span>1315 the so-called Jewish Law of Augsburg\u00a0granted them this right, every so often pogroms took place. Finally from 1442 onwards<span class=\"Apple-converted-space\">\u00a0<\/span>for a period of more than 350 years no Jews at all\u00a0were living in the city anymore.<\/p>\n<p>However, from 1806 onwards when Bavaria was made<span class=\"Apple-converted-space\">\u00a0<\/span>kingdom by Napoleon, they were tolerated,\u00a0but by law their number was not allowed to increase any more.<span class=\"Apple-converted-space\">\u00a0It was o<\/span>nly in 1871 that they achieved the same rights as all other<span class=\"Apple-converted-space\">\u00a0<\/span>inhabitants.<\/p>\n<p>As we know from 1933 onwards there was again no place for<span class=\"Apple-converted-space\">\u00a0<\/span>them in the city. Their shops were demolished, many were\u00a0deported to concentration camps, two thirds decided to<span class=\"Apple-converted-space\">\u00a0<\/span>emigrate in order to escape the Nazi regime in time. In 2006 a new Jewish center arouse, dominated by the main synagoge Ohel Jakob surrounded by the Jewish museum, the parish hall with a nursery school,\u00a0primary and secondary schools and a kosher restaurant.\u00a0Nowadays more than 8000 Jews are living again in the city.<\/p>\n<p><em><br \/>\n<\/em><em>Walking tour up to 2 hours<\/em><\/p>\n<p>&nbsp;<\/p>\n<p>If you want to know more about Jewish history in Munich you might also\u00a0be interested in the tour <a href=\"https:\/\/muenchen-massgeschneidert.de\/en\/2020\/01\/02\/muenchen-im-nationalsozialismus\/\">Munich during the Nationalsocialist Regime<\/a>.<\/p>\n<p>&nbsp;<\/p>\n<p>&nbsp;<\/p>","protected":false},"excerpt":{"rendered":"<p>The new Jewish center on Sebastiansplatz &nbsp; Already hundred years after the foundation of the\u00a0city in 1158 a considerable number of Jews had settled\u00a0behind&#8230;<\/p>\n","protected":false},"author":1,"featured_media":119,"comment_status":"closed","ping_status":"open","sticky":false,"template":"single_without_feature.php","format":"standard","meta":{"footnotes":""},"categories":[3],"tags":[],"class_list":["post-109","post","type-post","status-publish","format-standard","has-post-thumbnail","hentry","category-angebot","post-item","post-even"],"yoast_head":"<!-- This site is optimized with the Yoast SEO plugin v26.9 - https:\/\/yoast.com\/product\/yoast-seo-wordpress\/ -->\n<title>Jewish life in the past and present - M\u00fcnchen ma\u00dfgeschneidert<\/title>\n<meta name=\"description\" content=\"(Deutsch) Bei dieser individuellen Stadtf\u00fchrung zum Thema &quot;J\u00fcdisches Leben&quot; befassen wir uns mit der j\u00fcdischen Geschichte in M\u00fcnchen in der Vergangenheit und heute.\" \/>\n<meta name=\"robots\" content=\"index, follow, max-snippet:-1, max-image-preview:large, max-video-preview:-1\" \/>\n<link rel=\"canonical\" href=\"https:\/\/muenchen-massgeschneidert.de\/2020\/01\/02\/juedisches-leben-frueher-und-heute\/\" \/>\n<meta property=\"og:locale\" content=\"en_US\" \/>\n<meta property=\"og:type\" content=\"article\" \/>\n<meta property=\"og:title\" content=\"Jewish life in the past and present - M\u00fcnchen ma\u00dfgeschneidert\" \/>\n<meta property=\"og:description\" content=\"{:de}Bei dieser individuellen Stadtf\u00fchrung zum Thema &quot;J\u00fcdisches Leben&quot; befassen wir uns mit der j\u00fcdischen Geschichte in M\u00fcnchen in der Vergangenheit und heute. {:}\" \/>\n<meta property=\"og:url\" content=\"https:\/\/muenchen-massgeschneidert.de\/2020\/01\/02\/juedisches-leben-frueher-und-heute\/\" \/>\n<meta property=\"og:site_name\" content=\"M\u00fcnchen ma\u00dfgeschneidert\" \/>\n<meta property=\"article:published_time\" content=\"2020-01-02T16:21:39+00:00\" \/>\n<meta property=\"article:modified_time\" content=\"2021-01-17T01:49:24+00:00\" \/>\n<meta property=\"og:image\" content=\"https:\/\/muenchen-massgeschneidert.de\/wp-content\/uploads\/2020\/01\/stephan_21.jpg\" \/>\n\t<meta property=\"og:image:width\" content=\"1600\" \/>\n\t<meta property=\"og:image:height\" content=\"1065\" \/>\n\t<meta property=\"og:image:type\" content=\"image\/jpeg\" \/>\n<meta name=\"author\" content=\"admin\" \/>\n<meta name=\"twitter:card\" content=\"summary_large_image\" \/>\n<meta name=\"twitter:label1\" content=\"Written by\" \/>\n\t<meta name=\"twitter:data1\" content=\"admin\" \/>\n\t<meta name=\"twitter:label2\" content=\"Est. reading time\" \/>\n\t<meta name=\"twitter:data2\" content=\"3 minutes\" \/>\n<script type=\"application\/ld+json\" class=\"yoast-schema-graph\">{\"@context\":\"https:\/\/schema.org\",\"@graph\":[{\"@type\":\"Article\",\"@id\":\"https:\/\/muenchen-massgeschneidert.de\/2020\/01\/02\/juedisches-leben-frueher-und-heute\/#article\",\"isPartOf\":{\"@id\":\"https:\/\/muenchen-massgeschneidert.de\/2020\/01\/02\/juedisches-leben-frueher-und-heute\/\"},\"author\":{\"name\":\"admin\",\"@id\":\"https:\/\/muenchen-massgeschneidert.de\/en\/#\/schema\/person\/052b636870c65060c95ff1f06a51bc08\"},\"headline\":\"Jewish life in the past and present\",\"datePublished\":\"2020-01-02T16:21:39+00:00\",\"dateModified\":\"2021-01-17T01:49:24+00:00\",\"mainEntityOfPage\":{\"@id\":\"https:\/\/muenchen-massgeschneidert.de\/2020\/01\/02\/juedisches-leben-frueher-und-heute\/\"},\"wordCount\":534,\"image\":{\"@id\":\"https:\/\/muenchen-massgeschneidert.de\/2020\/01\/02\/juedisches-leben-frueher-und-heute\/#primaryimage\"},\"thumbnailUrl\":\"https:\/\/muenchen-massgeschneidert.de\/wp-content\/uploads\/2020\/01\/stephan_21.jpg\",\"articleSection\":[\"My offer\"],\"inLanguage\":\"en-US\"},{\"@type\":\"WebPage\",\"@id\":\"https:\/\/muenchen-massgeschneidert.de\/2020\/01\/02\/juedisches-leben-frueher-und-heute\/\",\"url\":\"https:\/\/muenchen-massgeschneidert.de\/2020\/01\/02\/juedisches-leben-frueher-und-heute\/\",\"name\":\"Jewish life in the past and present - M\u00fcnchen ma\u00dfgeschneidert\",\"isPartOf\":{\"@id\":\"https:\/\/muenchen-massgeschneidert.de\/en\/#website\"},\"primaryImageOfPage\":{\"@id\":\"https:\/\/muenchen-massgeschneidert.de\/2020\/01\/02\/juedisches-leben-frueher-und-heute\/#primaryimage\"},\"image\":{\"@id\":\"https:\/\/muenchen-massgeschneidert.de\/2020\/01\/02\/juedisches-leben-frueher-und-heute\/#primaryimage\"},\"thumbnailUrl\":\"https:\/\/muenchen-massgeschneidert.de\/wp-content\/uploads\/2020\/01\/stephan_21.jpg\",\"datePublished\":\"2020-01-02T16:21:39+00:00\",\"dateModified\":\"2021-01-17T01:49:24+00:00\",\"author\":{\"@id\":\"https:\/\/muenchen-massgeschneidert.de\/en\/#\/schema\/person\/052b636870c65060c95ff1f06a51bc08\"},\"description\":\"{:de}Bei dieser individuellen Stadtf\u00fchrung zum Thema \\\"J\u00fcdisches Leben\\\" befassen wir uns mit der j\u00fcdischen Geschichte in M\u00fcnchen in der Vergangenheit und heute. {:}\",\"breadcrumb\":{\"@id\":\"https:\/\/muenchen-massgeschneidert.de\/2020\/01\/02\/juedisches-leben-frueher-und-heute\/#breadcrumb\"},\"inLanguage\":\"en-US\",\"potentialAction\":[{\"@type\":\"ReadAction\",\"target\":[\"https:\/\/muenchen-massgeschneidert.de\/2020\/01\/02\/juedisches-leben-frueher-und-heute\/\"]}]},{\"@type\":\"ImageObject\",\"inLanguage\":\"en-US\",\"@id\":\"https:\/\/muenchen-massgeschneidert.de\/2020\/01\/02\/juedisches-leben-frueher-und-heute\/#primaryimage\",\"url\":\"https:\/\/muenchen-massgeschneidert.de\/wp-content\/uploads\/2020\/01\/stephan_21.jpg\",\"contentUrl\":\"https:\/\/muenchen-massgeschneidert.de\/wp-content\/uploads\/2020\/01\/stephan_21.jpg\",\"width\":1600,\"height\":1065,\"caption\":\"J\u00fcdisches Museum M\u00fcnchen\"},{\"@type\":\"BreadcrumbList\",\"@id\":\"https:\/\/muenchen-massgeschneidert.de\/2020\/01\/02\/juedisches-leben-frueher-und-heute\/#breadcrumb\",\"itemListElement\":[{\"@type\":\"ListItem\",\"position\":1,\"name\":\"Startseite\",\"item\":\"https:\/\/muenchen-massgeschneidert.de\/\"},{\"@type\":\"ListItem\",\"position\":2,\"name\":\"J\u00fcdisches Leben fr\u00fcher und heute\"}]},{\"@type\":\"WebSite\",\"@id\":\"https:\/\/muenchen-massgeschneidert.de\/en\/#website\",\"url\":\"https:\/\/muenchen-massgeschneidert.de\/en\/\",\"name\":\"M\u00fcnchen ma\u00dfgeschneidert\",\"description\":\"MEASURE-MADE GUIDED TOURS IN MUNICH AND SURROUNDINGS\",\"potentialAction\":[{\"@type\":\"SearchAction\",\"target\":{\"@type\":\"EntryPoint\",\"urlTemplate\":\"https:\/\/muenchen-massgeschneidert.de\/en\/?s={search_term_string}\"},\"query-input\":{\"@type\":\"PropertyValueSpecification\",\"valueRequired\":true,\"valueName\":\"search_term_string\"}}],\"inLanguage\":\"en-US\"},{\"@type\":\"Person\",\"@id\":\"https:\/\/muenchen-massgeschneidert.de\/en\/#\/schema\/person\/052b636870c65060c95ff1f06a51bc08\",\"name\":\"admin\",\"image\":{\"@type\":\"ImageObject\",\"inLanguage\":\"en-US\",\"@id\":\"https:\/\/muenchen-massgeschneidert.de\/en\/#\/schema\/person\/image\/\",\"url\":\"https:\/\/secure.gravatar.com\/avatar\/e283ab04746aa68a8f53dfd9cedae310a3a72b9c15c26b9e72557120057d8204?s=96&d=mm&r=g\",\"contentUrl\":\"https:\/\/secure.gravatar.com\/avatar\/e283ab04746aa68a8f53dfd9cedae310a3a72b9c15c26b9e72557120057d8204?s=96&d=mm&r=g\",\"caption\":\"admin\"},\"url\":\"https:\/\/muenchen-massgeschneidert.de\/en\/author\/admin\/\"}]}<\/script>\n<!-- \/ Yoast SEO plugin. -->","yoast_head_json":{"title":"Jewish life in the past and present - M\u00fcnchen ma\u00dfgeschneidert","description":"(Deutsch) Bei dieser individuellen Stadtf\u00fchrung zum Thema \"J\u00fcdisches Leben\" befassen wir uns mit der j\u00fcdischen Geschichte in M\u00fcnchen in der Vergangenheit und heute.","robots":{"index":"index","follow":"follow","max-snippet":"max-snippet:-1","max-image-preview":"max-image-preview:large","max-video-preview":"max-video-preview:-1"},"canonical":"https:\/\/muenchen-massgeschneidert.de\/2020\/01\/02\/juedisches-leben-frueher-und-heute\/","og_locale":"en_US","og_type":"article","og_title":"Jewish life in the past and present - M\u00fcnchen ma\u00dfgeschneidert","og_description":"{:de}Bei dieser individuellen Stadtf\u00fchrung zum Thema \"J\u00fcdisches Leben\" befassen wir uns mit der j\u00fcdischen Geschichte in M\u00fcnchen in der Vergangenheit und heute. {:}","og_url":"https:\/\/muenchen-massgeschneidert.de\/2020\/01\/02\/juedisches-leben-frueher-und-heute\/","og_site_name":"M\u00fcnchen ma\u00dfgeschneidert","article_published_time":"2020-01-02T16:21:39+00:00","article_modified_time":"2021-01-17T01:49:24+00:00","og_image":[{"width":1600,"height":1065,"url":"https:\/\/muenchen-massgeschneidert.de\/wp-content\/uploads\/2020\/01\/stephan_21.jpg","type":"image\/jpeg"}],"author":"admin","twitter_card":"summary_large_image","twitter_misc":{"Written by":"admin","Est. reading time":"3 minutes"},"schema":{"@context":"https:\/\/schema.org","@graph":[{"@type":"Article","@id":"https:\/\/muenchen-massgeschneidert.de\/2020\/01\/02\/juedisches-leben-frueher-und-heute\/#article","isPartOf":{"@id":"https:\/\/muenchen-massgeschneidert.de\/2020\/01\/02\/juedisches-leben-frueher-und-heute\/"},"author":{"name":"admin","@id":"https:\/\/muenchen-massgeschneidert.de\/en\/#\/schema\/person\/052b636870c65060c95ff1f06a51bc08"},"headline":"Jewish life in the past and present","datePublished":"2020-01-02T16:21:39+00:00","dateModified":"2021-01-17T01:49:24+00:00","mainEntityOfPage":{"@id":"https:\/\/muenchen-massgeschneidert.de\/2020\/01\/02\/juedisches-leben-frueher-und-heute\/"},"wordCount":534,"image":{"@id":"https:\/\/muenchen-massgeschneidert.de\/2020\/01\/02\/juedisches-leben-frueher-und-heute\/#primaryimage"},"thumbnailUrl":"https:\/\/muenchen-massgeschneidert.de\/wp-content\/uploads\/2020\/01\/stephan_21.jpg","articleSection":["My offer"],"inLanguage":"en-US"},{"@type":"WebPage","@id":"https:\/\/muenchen-massgeschneidert.de\/2020\/01\/02\/juedisches-leben-frueher-und-heute\/","url":"https:\/\/muenchen-massgeschneidert.de\/2020\/01\/02\/juedisches-leben-frueher-und-heute\/","name":"Jewish life in the past and present - M\u00fcnchen ma\u00dfgeschneidert","isPartOf":{"@id":"https:\/\/muenchen-massgeschneidert.de\/en\/#website"},"primaryImageOfPage":{"@id":"https:\/\/muenchen-massgeschneidert.de\/2020\/01\/02\/juedisches-leben-frueher-und-heute\/#primaryimage"},"image":{"@id":"https:\/\/muenchen-massgeschneidert.de\/2020\/01\/02\/juedisches-leben-frueher-und-heute\/#primaryimage"},"thumbnailUrl":"https:\/\/muenchen-massgeschneidert.de\/wp-content\/uploads\/2020\/01\/stephan_21.jpg","datePublished":"2020-01-02T16:21:39+00:00","dateModified":"2021-01-17T01:49:24+00:00","author":{"@id":"https:\/\/muenchen-massgeschneidert.de\/en\/#\/schema\/person\/052b636870c65060c95ff1f06a51bc08"},"description":"{:de}Bei dieser individuellen Stadtf\u00fchrung zum Thema \"J\u00fcdisches Leben\" befassen wir uns mit der j\u00fcdischen Geschichte in M\u00fcnchen in der Vergangenheit und heute. {:}","breadcrumb":{"@id":"https:\/\/muenchen-massgeschneidert.de\/2020\/01\/02\/juedisches-leben-frueher-und-heute\/#breadcrumb"},"inLanguage":"en-US","potentialAction":[{"@type":"ReadAction","target":["https:\/\/muenchen-massgeschneidert.de\/2020\/01\/02\/juedisches-leben-frueher-und-heute\/"]}]},{"@type":"ImageObject","inLanguage":"en-US","@id":"https:\/\/muenchen-massgeschneidert.de\/2020\/01\/02\/juedisches-leben-frueher-und-heute\/#primaryimage","url":"https:\/\/muenchen-massgeschneidert.de\/wp-content\/uploads\/2020\/01\/stephan_21.jpg","contentUrl":"https:\/\/muenchen-massgeschneidert.de\/wp-content\/uploads\/2020\/01\/stephan_21.jpg","width":1600,"height":1065,"caption":"J\u00fcdisches Museum M\u00fcnchen"},{"@type":"BreadcrumbList","@id":"https:\/\/muenchen-massgeschneidert.de\/2020\/01\/02\/juedisches-leben-frueher-und-heute\/#breadcrumb","itemListElement":[{"@type":"ListItem","position":1,"name":"Startseite","item":"https:\/\/muenchen-massgeschneidert.de\/"},{"@type":"ListItem","position":2,"name":"J\u00fcdisches Leben fr\u00fcher und heute"}]},{"@type":"WebSite","@id":"https:\/\/muenchen-massgeschneidert.de\/en\/#website","url":"https:\/\/muenchen-massgeschneidert.de\/en\/","name":"M\u00fcnchen ma\u00dfgeschneidert","description":"MEASURE-MADE GUIDED TOURS IN MUNICH AND SURROUNDINGS","potentialAction":[{"@type":"SearchAction","target":{"@type":"EntryPoint","urlTemplate":"https:\/\/muenchen-massgeschneidert.de\/en\/?s={search_term_string}"},"query-input":{"@type":"PropertyValueSpecification","valueRequired":true,"valueName":"search_term_string"}}],"inLanguage":"en-US"},{"@type":"Person","@id":"https:\/\/muenchen-massgeschneidert.de\/en\/#\/schema\/person\/052b636870c65060c95ff1f06a51bc08","name":"admin","image":{"@type":"ImageObject","inLanguage":"en-US","@id":"https:\/\/muenchen-massgeschneidert.de\/en\/#\/schema\/person\/image\/","url":"https:\/\/secure.gravatar.com\/avatar\/e283ab04746aa68a8f53dfd9cedae310a3a72b9c15c26b9e72557120057d8204?s=96&d=mm&r=g","contentUrl":"https:\/\/secure.gravatar.com\/avatar\/e283ab04746aa68a8f53dfd9cedae310a3a72b9c15c26b9e72557120057d8204?s=96&d=mm&r=g","caption":"admin"},"url":"https:\/\/muenchen-massgeschneidert.de\/en\/author\/admin\/"}]}},"_links":{"self":[{"href":"https:\/\/muenchen-massgeschneidert.de\/en\/wp-json\/wp\/v2\/posts\/109","targetHints":{"allow":["GET"]}}],"collection":[{"href":"https:\/\/muenchen-massgeschneidert.de\/en\/wp-json\/wp\/v2\/posts"}],"about":[{"href":"https:\/\/muenchen-massgeschneidert.de\/en\/wp-json\/wp\/v2\/types\/post"}],"author":[{"embeddable":true,"href":"https:\/\/muenchen-massgeschneidert.de\/en\/wp-json\/wp\/v2\/users\/1"}],"replies":[{"embeddable":true,"href":"https:\/\/muenchen-massgeschneidert.de\/en\/wp-json\/wp\/v2\/comments?post=109"}],"version-history":[{"count":10,"href":"https:\/\/muenchen-massgeschneidert.de\/en\/wp-json\/wp\/v2\/posts\/109\/revisions"}],"predecessor-version":[{"id":414,"href":"https:\/\/muenchen-massgeschneidert.de\/en\/wp-json\/wp\/v2\/posts\/109\/revisions\/414"}],"wp:featuredmedia":[{"embeddable":true,"href":"https:\/\/muenchen-massgeschneidert.de\/en\/wp-json\/wp\/v2\/media\/119"}],"wp:attachment":[{"href":"https:\/\/muenchen-massgeschneidert.de\/en\/wp-json\/wp\/v2\/media?parent=109"}],"wp:term":[{"taxonomy":"category","embeddable":true,"href":"https:\/\/muenchen-massgeschneidert.de\/en\/wp-json\/wp\/v2\/categories?post=109"},{"taxonomy":"post_tag","embeddable":true,"href":"https:\/\/muenchen-massgeschneidert.de\/en\/wp-json\/wp\/v2\/tags?post=109"}],"curies":[{"name":"wp","href":"https:\/\/api.w.org\/{rel}","templated":true}]}}